{"id":85,"date":"2016-12-01T14:35:37","date_gmt":"2016-12-01T14:35:37","guid":{"rendered":"http:\/\/themes.muffingroup.com\/be\/developer2\/?p=85"},"modified":"2016-12-01T14:35:37","modified_gmt":"2016-12-01T14:35:37","slug":"maecenas-pharetra-lobortis-facilisis","status":"publish","type":"post","link":"https:\/\/rezidencepalackeho.cz\/en\/maecenas-pharetra-lobortis-facilisis\/","title":{"rendered":"Maecenas pharetra lobortis facilisis"},"content":{"rendered":"","protected":false},"excerpt":{"rendered":"<p>Integer nonummy eget, auctor est, vel dui nulla, auctor velit. Suspendisse congue odio vitae wisi arcu, eget leo at ipsum dolor tellus wisi, posuere eget, ultricies nulla.<\/p>","protected":false},"author":1,"featured_media":0,"comment_status":"open","ping_status":"open","sticky":false,"template":"","format":"standard","meta":{"footnotes":""},"categories":[2],"tags":[],"class_list":["post-85","post","type-post","status-publish","format-standard","hentry","category-news"],"yoast_head":"<!-- This site is optimized with the Yoast SEO plugin v27.4 - https:\/\/yoast.com\/product\/yoast-seo-wordpress\/ -->\n<title>Maecenas pharetra lobortis facilisis - Rezidence Palack\u00e9ho<\/title>\n<meta name=\"robots\" content=\"noindex, follow\" \/>\n<meta property=\"og:locale\" content=\"en_US\" \/>\n<meta property=\"og:type\" content=\"article\" \/>\n<meta property=\"og:title\" content=\"Maecenas pharetra lobortis facilisis - Rezidence Palack\u00e9ho\" \/>\n<meta property=\"og:description\" content=\"Integer nonummy eget, auctor est, vel dui nulla, auctor velit. Suspendisse congue odio vitae wisi arcu, eget leo at ipsum dolor tellus wisi, posuere eget, ultricies nulla.\" \/>\n<meta property=\"og:url\" content=\"https:\/\/rezidencepalackeho.cz\/en\/maecenas-pharetra-lobortis-facilisis\/\" \/>\n<meta property=\"og:site_name\" content=\"Rezidence Palack\u00e9ho\" \/>\n<meta property=\"article:published_time\" content=\"2016-12-01T14:35:37+00:00\" \/>\n<meta name=\"author\" content=\"tomasvalachcz\" \/>\n<meta name=\"twitter:card\" content=\"summary_large_image\" \/>\n<meta name=\"twitter:label1\" content=\"Written by\" \/>\n\t<meta name=\"twitter:data1\" content=\"tomasvalachcz\" \/>\n<script type=\"application\/ld+json\" class=\"yoast-schema-graph\">{\"@context\":\"https:\\\/\\\/schema.org\",\"@graph\":[{\"@type\":\"Article\",\"@id\":\"https:\\\/\\\/rezidencepalackeho.cz\\\/en\\\/maecenas-pharetra-lobortis-facilisis\\\/#article\",\"isPartOf\":{\"@id\":\"https:\\\/\\\/rezidencepalackeho.cz\\\/en\\\/maecenas-pharetra-lobortis-facilisis\\\/\"},\"author\":{\"name\":\"tomasvalachcz\",\"@id\":\"https:\\\/\\\/rezidencepalackeho.cz\\\/#\\\/schema\\\/person\\\/6c9bd99a5be2e7e51ab66738a243b413\"},\"headline\":\"Maecenas pharetra lobortis facilisis\",\"datePublished\":\"2016-12-01T14:35:37+00:00\",\"mainEntityOfPage\":{\"@id\":\"https:\\\/\\\/rezidencepalackeho.cz\\\/en\\\/maecenas-pharetra-lobortis-facilisis\\\/\"},\"wordCount\":4,\"commentCount\":0,\"publisher\":{\"@id\":\"https:\\\/\\\/rezidencepalackeho.cz\\\/#organization\"},\"articleSection\":[\"News\"],\"inLanguage\":\"en-AU\"},{\"@type\":\"WebPage\",\"@id\":\"https:\\\/\\\/rezidencepalackeho.cz\\\/en\\\/maecenas-pharetra-lobortis-facilisis\\\/\",\"url\":\"https:\\\/\\\/rezidencepalackeho.cz\\\/en\\\/maecenas-pharetra-lobortis-facilisis\\\/\",\"name\":\"Maecenas pharetra lobortis facilisis - Rezidence Palack\u00e9ho\",\"isPartOf\":{\"@id\":\"https:\\\/\\\/rezidencepalackeho.cz\\\/#website\"},\"datePublished\":\"2016-12-01T14:35:37+00:00\",\"breadcrumb\":{\"@id\":\"https:\\\/\\\/rezidencepalackeho.cz\\\/en\\\/maecenas-pharetra-lobortis-facilisis\\\/#breadcrumb\"},\"inLanguage\":\"en-AU\",\"potentialAction\":[{\"@type\":\"ReadAction\",\"target\":[\"https:\\\/\\\/rezidencepalackeho.cz\\\/en\\\/maecenas-pharetra-lobortis-facilisis\\\/\"]}]},{\"@type\":\"BreadcrumbList\",\"@id\":\"https:\\\/\\\/rezidencepalackeho.cz\\\/en\\\/maecenas-pharetra-lobortis-facilisis\\\/#breadcrumb\",\"itemListElement\":[{\"@type\":\"ListItem\",\"position\":1,\"name\":\"Home\",\"item\":\"https:\\\/\\\/rezidencepalackeho.cz\\\/\"},{\"@type\":\"ListItem\",\"position\":2,\"name\":\"Maecenas pharetra lobortis facilisis\"}]},{\"@type\":\"WebSite\",\"@id\":\"https:\\\/\\\/rezidencepalackeho.cz\\\/#website\",\"url\":\"https:\\\/\\\/rezidencepalackeho.cz\\\/\",\"name\":\"Rezidence Palack\u00e9ho Krom\u011b\u0159\u00ed\u017e\",\"description\":\"Modern\u00ed bydlen\u00ed v centru Krom\u011b\u0159\u00ed\u017ee\",\"publisher\":{\"@id\":\"https:\\\/\\\/rezidencepalackeho.cz\\\/#organization\"},\"potentialAction\":[{\"@type\":\"SearchAction\",\"target\":{\"@type\":\"EntryPoint\",\"urlTemplate\":\"https:\\\/\\\/rezidencepalackeho.cz\\\/?s={search_term_string}\"},\"query-input\":{\"@type\":\"PropertyValueSpecification\",\"valueRequired\":true,\"valueName\":\"search_term_string\"}}],\"inLanguage\":\"en-AU\"},{\"@type\":\"Organization\",\"@id\":\"https:\\\/\\\/rezidencepalackeho.cz\\\/#organization\",\"name\":\"Rezidence Palack\u00e9ho Krom\u011b\u0159\u00ed\u017e\",\"url\":\"https:\\\/\\\/rezidencepalackeho.cz\\\/\",\"logo\":{\"@type\":\"ImageObject\",\"inLanguage\":\"en-AU\",\"@id\":\"https:\\\/\\\/rezidencepalackeho.cz\\\/#\\\/schema\\\/logo\\\/image\\\/\",\"url\":\"https:\\\/\\\/rezidencepalackeho.cz\\\/wp-content\\\/uploads\\\/2019\\\/05\\\/rezidencepalackeho-1.png\",\"contentUrl\":\"https:\\\/\\\/rezidencepalackeho.cz\\\/wp-content\\\/uploads\\\/2019\\\/05\\\/rezidencepalackeho-1.png\",\"width\":58,\"height\":74,\"caption\":\"Rezidence Palack\u00e9ho Krom\u011b\u0159\u00ed\u017e\"},\"image\":{\"@id\":\"https:\\\/\\\/rezidencepalackeho.cz\\\/#\\\/schema\\\/logo\\\/image\\\/\"}},{\"@type\":\"Person\",\"@id\":\"https:\\\/\\\/rezidencepalackeho.cz\\\/#\\\/schema\\\/person\\\/6c9bd99a5be2e7e51ab66738a243b413\",\"name\":\"tomasvalachcz\",\"image\":{\"@type\":\"ImageObject\",\"inLanguage\":\"en-AU\",\"@id\":\"https:\\\/\\\/secure.gravatar.com\\\/avatar\\\/4dc8020e0561b2953bed0be50d0861c53ed1d2dc07796def7c4fed0d84d1cb75?s=96&d=mm&r=g\",\"url\":\"https:\\\/\\\/secure.gravatar.com\\\/avatar\\\/4dc8020e0561b2953bed0be50d0861c53ed1d2dc07796def7c4fed0d84d1cb75?s=96&d=mm&r=g\",\"contentUrl\":\"https:\\\/\\\/secure.gravatar.com\\\/avatar\\\/4dc8020e0561b2953bed0be50d0861c53ed1d2dc07796def7c4fed0d84d1cb75?s=96&d=mm&r=g\",\"caption\":\"tomasvalachcz\"}}]}<\/script>\n<!-- \/ Yoast SEO plugin. -->","yoast_head_json":{"title":"Maecenas pharetra lobortis facilisis - Rezidence Palack\u00e9ho","robots":{"index":"noindex","follow":"follow"},"og_locale":"en_US","og_type":"article","og_title":"Maecenas pharetra lobortis facilisis - Rezidence Palack\u00e9ho","og_description":"Integer nonummy eget, auctor est, vel dui nulla, auctor velit. Suspendisse congue odio vitae wisi arcu, eget leo at ipsum dolor tellus wisi, posuere eget, ultricies nulla.","og_url":"https:\/\/rezidencepalackeho.cz\/en\/maecenas-pharetra-lobortis-facilisis\/","og_site_name":"Rezidence Palack\u00e9ho","article_published_time":"2016-12-01T14:35:37+00:00","author":"tomasvalachcz","twitter_card":"summary_large_image","twitter_misc":{"Written by":"tomasvalachcz"},"schema":{"@context":"https:\/\/schema.org","@graph":[{"@type":"Article","@id":"https:\/\/rezidencepalackeho.cz\/en\/maecenas-pharetra-lobortis-facilisis\/#article","isPartOf":{"@id":"https:\/\/rezidencepalackeho.cz\/en\/maecenas-pharetra-lobortis-facilisis\/"},"author":{"name":"tomasvalachcz","@id":"https:\/\/rezidencepalackeho.cz\/#\/schema\/person\/6c9bd99a5be2e7e51ab66738a243b413"},"headline":"Maecenas pharetra lobortis facilisis","datePublished":"2016-12-01T14:35:37+00:00","mainEntityOfPage":{"@id":"https:\/\/rezidencepalackeho.cz\/en\/maecenas-pharetra-lobortis-facilisis\/"},"wordCount":4,"commentCount":0,"publisher":{"@id":"https:\/\/rezidencepalackeho.cz\/#organization"},"articleSection":["News"],"inLanguage":"en-AU"},{"@type":"WebPage","@id":"https:\/\/rezidencepalackeho.cz\/en\/maecenas-pharetra-lobortis-facilisis\/","url":"https:\/\/rezidencepalackeho.cz\/en\/maecenas-pharetra-lobortis-facilisis\/","name":"Maecenas pharetra lobortis facilisis - Rezidence Palack\u00e9ho","isPartOf":{"@id":"https:\/\/rezidencepalackeho.cz\/#website"},"datePublished":"2016-12-01T14:35:37+00:00","breadcrumb":{"@id":"https:\/\/rezidencepalackeho.cz\/en\/maecenas-pharetra-lobortis-facilisis\/#breadcrumb"},"inLanguage":"en-AU","potentialAction":[{"@type":"ReadAction","target":["https:\/\/rezidencepalackeho.cz\/en\/maecenas-pharetra-lobortis-facilisis\/"]}]},{"@type":"BreadcrumbList","@id":"https:\/\/rezidencepalackeho.cz\/en\/maecenas-pharetra-lobortis-facilisis\/#breadcrumb","itemListElement":[{"@type":"ListItem","position":1,"name":"Home","item":"https:\/\/rezidencepalackeho.cz\/"},{"@type":"ListItem","position":2,"name":"Maecenas pharetra lobortis facilisis"}]},{"@type":"WebSite","@id":"https:\/\/rezidencepalackeho.cz\/#website","url":"https:\/\/rezidencepalackeho.cz\/","name":"Rezidence Palack\u00e9ho Krom\u011b\u0159\u00ed\u017e","description":"Modern\u00ed bydlen\u00ed v centru Krom\u011b\u0159\u00ed\u017ee","publisher":{"@id":"https:\/\/rezidencepalackeho.cz\/#organization"},"potentialAction":[{"@type":"SearchAction","target":{"@type":"EntryPoint","urlTemplate":"https:\/\/rezidencepalackeho.cz\/?s={search_term_string}"},"query-input":{"@type":"PropertyValueSpecification","valueRequired":true,"valueName":"search_term_string"}}],"inLanguage":"en-AU"},{"@type":"Organization","@id":"https:\/\/rezidencepalackeho.cz\/#organization","name":"Rezidence Palack\u00e9ho Krom\u011b\u0159\u00ed\u017e","url":"https:\/\/rezidencepalackeho.cz\/","logo":{"@type":"ImageObject","inLanguage":"en-AU","@id":"https:\/\/rezidencepalackeho.cz\/#\/schema\/logo\/image\/","url":"https:\/\/rezidencepalackeho.cz\/wp-content\/uploads\/2019\/05\/rezidencepalackeho-1.png","contentUrl":"https:\/\/rezidencepalackeho.cz\/wp-content\/uploads\/2019\/05\/rezidencepalackeho-1.png","width":58,"height":74,"caption":"Rezidence Palack\u00e9ho Krom\u011b\u0159\u00ed\u017e"},"image":{"@id":"https:\/\/rezidencepalackeho.cz\/#\/schema\/logo\/image\/"}},{"@type":"Person","@id":"https:\/\/rezidencepalackeho.cz\/#\/schema\/person\/6c9bd99a5be2e7e51ab66738a243b413","name":"tomasvalachcz","image":{"@type":"ImageObject","inLanguage":"en-AU","@id":"https:\/\/secure.gravatar.com\/avatar\/4dc8020e0561b2953bed0be50d0861c53ed1d2dc07796def7c4fed0d84d1cb75?s=96&d=mm&r=g","url":"https:\/\/secure.gravatar.com\/avatar\/4dc8020e0561b2953bed0be50d0861c53ed1d2dc07796def7c4fed0d84d1cb75?s=96&d=mm&r=g","contentUrl":"https:\/\/secure.gravatar.com\/avatar\/4dc8020e0561b2953bed0be50d0861c53ed1d2dc07796def7c4fed0d84d1cb75?s=96&d=mm&r=g","caption":"tomasvalachcz"}}]}},"_links":{"self":[{"href":"https:\/\/rezidencepalackeho.cz\/en\/wp-json\/wp\/v2\/posts\/85","targetHints":{"allow":["GET"]}}],"collection":[{"href":"https:\/\/rezidencepalackeho.cz\/en\/wp-json\/wp\/v2\/posts"}],"about":[{"href":"https:\/\/rezidencepalackeho.cz\/en\/wp-json\/wp\/v2\/types\/post"}],"author":[{"embeddable":true,"href":"https:\/\/rezidencepalackeho.cz\/en\/wp-json\/wp\/v2\/users\/1"}],"replies":[{"embeddable":true,"href":"https:\/\/rezidencepalackeho.cz\/en\/wp-json\/wp\/v2\/comments?post=85"}],"version-history":[{"count":0,"href":"https:\/\/rezidencepalackeho.cz\/en\/wp-json\/wp\/v2\/posts\/85\/revisions"}],"wp:attachment":[{"href":"https:\/\/rezidencepalackeho.cz\/en\/wp-json\/wp\/v2\/media?parent=85"}],"wp:term":[{"taxonomy":"category","embeddable":true,"href":"https:\/\/rezidencepalackeho.cz\/en\/wp-json\/wp\/v2\/categories?post=85"},{"taxonomy":"post_tag","embeddable":true,"href":"https:\/\/rezidencepalackeho.cz\/en\/wp-json\/wp\/v2\/tags?post=85"}],"curies":[{"name":"wp","href":"https:\/\/api.w.org\/{rel}","templated":true}]}}